{"id":26342,"date":"2026-01-23T09:21:27","date_gmt":"2026-01-23T14:21:27","guid":{"rendered":"https:\/\/artecma.com\/?p=26342"},"modified":"2026-05-22T14:51:03","modified_gmt":"2026-05-22T19:51:03","slug":"regreso-a-clases-y-trabajo-2026-como-iniciar-tu-ano-sin-estres","status":"publish","type":"post","link":"https:\/\/artecma.com\/es\/regreso-a-clases-y-trabajo-2026-como-iniciar-tu-ano-sin-estres\/","title":{"rendered":"Regreso a clases y trabajo 2026: C\u00f3mo iniciar tu a\u00f1o sin estr\u00e9s"},"content":{"rendered":"<p>El fin de las vacaciones suele traer una mezcla de nostalgia porque se acaba el descanso y la ansiedad de comenzar un nuevo a\u00f1o. El cambio de ritmo al enfrentar el <b>regreso a clases<\/b> o la vuelta a la oficina puede generar el conocido <b>s\u00edndrome postvacacional<\/b>. Sin embargo, retomar la rutina no tiene por qu\u00e9 ser un proceso agotador.<\/p>\n<p>Para este <b>a\u00f1o escolar 2026<\/b> y el nuevo ciclo laboral, la clave del \u00e9xito est\u00e1 en la preparaci\u00f3n estrat\u00e9gica. No se trata solo de cumplir horarios, sino de dise\u00f1ar un entorno que potencie tu <b>productividad laboral<\/b> y <b>rendimiento acad\u00e9mico<\/b>. Con una estrategia clara, puedes transformar el estr\u00e9s inicial en energ\u00eda positiva y enfocada.<\/p>\n<p>En Artecma, entendemos que el bienestar comienza por el espacio que habitas y las herramientas que utilizas a diario. Por eso, hay tres cosas que debes saber para que tu <b>regreso al trabajo despu\u00e9s de vacaciones<\/b> sea sencillo. Descubre c\u00f3mo organizar tu tiempo y cuidar tu cuerpo para un a\u00f1o imparable.<\/p>\n<h2><b>Paso 1: Domina la Gesti\u00f3n del Tiempo y el Bienestar Emocional\u00a0<\/b><\/h2>\n<p>El primer gran desaf\u00edo del <b>regreso a la universidad<\/b> o a la oficina es el violento choque de horarios. Pasar del descanso total a una agenda llena requiere una transici\u00f3n mental pausada y consciente. El <b>manejo del estr\u00e9s<\/b> comienza al aceptar que los primeros d\u00edas son de adaptaci\u00f3n y no de m\u00e1xima velocidad.<\/p>\n<p>Una de las mejores <b>t\u00e9cnicas de manejo del tiempo<\/b> es la planificaci\u00f3n visual constante en tu \u00e1rea de trabajo. El uso de un <b>tablero planeador semanal<\/b> o un tablero mensual te permite visualizar tus compromisos de forma global. Esto reduce el estr\u00e9s y evita la sensaci\u00f3n de estar abrumado por tareas pendientes.<\/p>\n<h3><b>Impulsa tu Rendimiento Acad\u00e9mico con Planificaci\u00f3n\u00a0<\/b><\/h3>\n<p>&nbsp;<\/p>\n<p>Si eres estudiante, aprender <b>c\u00f3mo organizar los horarios de la universidad<\/b> desde la primera semana te dar\u00e1 una ventaja competitiva enorme. Un <b>tablero planificador mensual<\/b> ubicado en tu zona de estudio te ayudar\u00e1 a no olvidar fechas importantes. La organizaci\u00f3n es el mejor ant\u00eddoto contra el burnout acad\u00e9mico y laboral.<\/p>\n<p>Establecer metas realistas te ayudar\u00e1 a mantener un <b>bienestar emocional en el trabajo<\/b> y el estudio. Al visualizar tus avances en un tablero acr\u00edlico, generas una sensaci\u00f3n de logro que motiva tu cerebro.<\/p>\n<p>&nbsp;<\/p>\n<p><b>Paso 2: Ergonom\u00eda para un Rendimiento Superior y Salud Postural\u00a0<\/b><\/p>\n<p>&nbsp;<\/p>\n<p>Cada d\u00eda nos encontramos la mayor parte del tiempo frente a una pantalla trabajando o estudiando, lo que genera un desgaste f\u00edsico silencioso. Por eso es importante prestar atenci\u00f3n a la <b>ergonom\u00eda en el estudio<\/b> y el trabajo. Una <b>postura adecuada<\/b> es fundamental para prevenir la fatiga cr\u00f3nica y mejorar la concentraci\u00f3n.<\/p>\n<p>Muchos dolores de espalda y de cabeza, surgen por una <b>iluminaci\u00f3n inadecuada<\/b> o por usar muebles que no se ajustan a nuestra anatom\u00eda. Al <b>organizar el espacio de trabajo<\/b>, aseg\u00farate de que tus ojos y extremidades est\u00e9n en la posici\u00f3n correcta. Aqu\u00ed es donde los <b>muebles ergon\u00f3micos<\/b> de madera de Artecma marcan una diferencia real.<\/p>\n<h3><b>La Postura Correcta para Estudiar y Trabajar\u00a0<\/b><\/h3>\n<p>&nbsp;<\/p>\n<p>Para mantener una <b>postura correcta frente al computador<\/b>, la pantalla debe estar siempre alineada con la altura de tus ojos. Un <b>soporte para port\u00e1til<\/b> de madera eleva tu equipo a la posici\u00f3n ideal y mejora la ventilaci\u00f3n. Evita inclinar el cuello hacia abajo durante mucho tiempo.<\/p>\n<p>Al sentarte, tus brazos deben formar un \u00e1ngulo de 90 grados respecto al escritorio para evitar tensiones en los hombros. Un <b>escritorio para trabajo en casa<\/b> debe tener la profundidad suficiente para permitir que tus mu\u00f1ecas descansen c\u00f3modamente. Esta configuraci\u00f3n es esencial para mantener la <b>salud postural<\/b> durante toda la jornada escolar.<\/p>\n<p>Complementar tu estaci\u00f3n con un <b>descansapi\u00e9s para oficina<\/b> es vital para mejorar la circulaci\u00f3n sangu\u00ednea en las piernas. Este accesorio permite que tus rodillas est\u00e9n al nivel de la cadera, reduciendo la presi\u00f3n lumbar de forma inmediata. Es una soluci\u00f3n sencilla que te va a evitar molestias tras varias horas de <b>vuelta a la oficina<\/b>.<\/p>\n<h2><b>Paso 3: Un Ambiente que Inspire tu Productividad y Enfoque\u00a0<\/b><\/h2>\n<p>&nbsp;<\/p>\n<p>Es un hecho comprobado que <b>el ambiente de estudio est\u00e1 directamente relacionado con un espacio<\/b> que proyecte orden, limpieza y una est\u00e9tica que invite a la concentraci\u00f3n. Un lugar desordenado suele generar una mente distra\u00edda, impidiendo que te concentres y seas productivo. Al <b>organizar el espacio de estudio<\/b>, busca eliminar elementos innecesarios.<\/p>\n<p>Utilizar <b>organizadores de escritorio<\/b> ayuda a que cada herramienta de trabajo tenga un lugar definido. Los <b>muebles funcionales<\/b> y el dise\u00f1o inteligente son claves para la <b>optimizaci\u00f3n de espacios peque\u00f1os<\/b> en apartamentos modernos.<\/p>\n<p>La <b>iluminaci\u00f3n adecuada en el trabajo<\/b> tambi\u00e9n juega un rol crucial en tu desempe\u00f1o cognitivo diario. Intenta aprovechar la luz natural siempre que sea posible. Si tu espacio es oscuro, complementa con luces LED c\u00e1lidas que no cansen tu vista ni generen reflejos molestos.<\/p>\n<h3><b>Evitar el Burnout mediante el Dise\u00f1o del Espacio\u00a0<\/b><\/h3>\n<p>&nbsp;<\/p>\n<p>Finalmente, no olvides incluir dentro de tus <b>prop\u00f3sitos de a\u00f1o nuevo<\/b> el autocuidado y el descanso activo. El <b>bienestar en el trabajo<\/b> no solo depende de los objetos f\u00edsicos, sino de permitir que tu mente descanse.<\/p>\n<p>La <b>optimizaci\u00f3n de espacios<\/b> tambi\u00e9n implica crear zonas de desconexi\u00f3n. Si trabajas en casa, intenta que tu <b>escritorio ergon\u00f3mico<\/b> est\u00e9 separado de tu zona de descanso. Esto ayuda a tu cerebro a diferenciar entre el tiempo de alta productividad y el tiempo de recuperaci\u00f3n necesaria para evitar el agotamiento cr\u00f3nico.<\/p>\n<h2><b>La Inversi\u00f3n en Bienestar para el A\u00f1o 2026<\/b><\/h2>\n<p>Invertir en un <b>escritorio para home office<\/b> de calidad o en una <b>mesa de estudio<\/b> adecuada tiene beneficios permanentes. No solo ver\u00e1s una mejora inmediata en tu <b>productividad laboral<\/b>, sino que tu cuerpo lo agradecer\u00e1 al final de cada d\u00eda. <b>Evitar el burnout<\/b> es posible cuando tu entorno f\u00edsico realmente te apoya.<\/p>\n<p>La <b>prevenci\u00f3n de riesgos<\/b> ergon\u00f3micos es una inversi\u00f3n inteligente en tu futuro y en tu calidad de vida. Un <b>escritorio ergon\u00f3mico de oficina<\/b> dise\u00f1ado en madera ofrece durabilidad y una est\u00e9tica que reduce el estr\u00e9s visual. El dise\u00f1o de espacios debe ser tanto funcional como emocionalmente reconfortante para ser realmente efectivo.<\/p>\n<p>&nbsp;<\/p>\n<table>\n<tbody>\n<tr>\n<td><b>Producto Artecma<\/b><\/td>\n<td><b>Beneficio Principal para tu Salud<\/b><\/td>\n<td><b>Ideal para:<\/b><\/td>\n<\/tr>\n<tr>\n<td><b>Soporte para port\u00e1til<\/b><\/td>\n<td>Protege la postura cervical y evita dolores<\/td>\n<td>Estudiantes y profesionales<\/td>\n<\/tr>\n<tr>\n<td><b>Descansapi\u00e9s de madera<\/b><\/td>\n<td>Favorece la circulaci\u00f3n y descanso lumbar<\/td>\n<td>Jornadas largas sentado<\/td>\n<\/tr>\n<tr>\n<td><b>Mesa ajustable<\/b><\/td>\n<td>Permite alternar posturas durante el d\u00eda<\/td>\n<td>Home office din\u00e1mico<\/td>\n<\/tr>\n<tr>\n<td><b>Tablero planeador<\/b><\/td>\n<td>Organizaci\u00f3n visual de metas y tiempos<\/td>\n<td>Gesti\u00f3n de proyectos<\/td>\n<\/tr>\n<\/tbody>\n<\/table>\n\n<h2><b>Tu Estrategia Cero Estr\u00e9s con Artecma\u00a0<\/b><\/h2>\n<p>&nbsp;<\/p>\n<p>El <b>regreso a clases en Colombia<\/b> y el inicio del a\u00f1o laboral son oportunidades para crear mejores h\u00e1bitos. Al aplicar estos tres pasos, preparaci\u00f3n mental, optimizaci\u00f3n del espacio y planificaci\u00f3n visual, estar\u00e1s listo para cualquier desaf\u00edo.<\/p>\n<p>No permitas que la rutina afecte tu <b>bienestar emocional en el trabajo<\/b> o en la universidad. Peque\u00f1os cambios en tu estaci\u00f3n, como usar un <b>soporte para port\u00e1til<\/b> o un <b>descansapi\u00e9s<\/b>, tienen un impacto gigante. Elige siempre herramientas que te ayuden a cuidar tu salud.<\/p>\n<p>En <a href=\"https:\/\/artecma.com\/es\/\">Artecma<\/a>, estamos comprometidos con tu \u00e9xito y con tu salud. Nuestros <b>muebles ergon\u00f3micos<\/b> est\u00e1n dise\u00f1ados para acompa\u00f1arte en cada meta que te propongas cumplir. Visita nuestro cat\u00e1logo y transforma hoy mismo tu espacio de trabajo en un lugar m\u00e1s c\u00f3modo y eficiente.<\/p>","protected":false},"excerpt":{"rendered":"<p>El fin de las vacaciones suele traer una mezcla de nostalgia porque se acaba el descanso y la ansiedad de comenzar un nuevo a\u00f1o. El cambio de ritmo al enfrentar el regreso a clases o la vuelta a la oficina puede generar el conocido s\u00edndrome postvacacional. Sin embargo, retomar la rutina no tiene por qu\u00e9 ser un proceso agotador. Para\u2026<\/p>","protected":false},"author":1,"featured_media":26343,"comment_status":"closed","ping_status":"closed","sticky":false,"template":"","format":"standard","meta":{"om_disable_all_campaigns":false,"_monsterinsights_skip_tracking":false,"_joinchat":[],"footnotes":""},"categories":[75],"tags":[],"class_list":["post-26342","post","type-post","status-publish","format-standard","has-post-thumbnail","hentry","category-blog"],"aioseo_notices":[],"aioseo_head":"\n\t\t<!-- All in One SEO 4.9.10 - aioseo.com -->\n\t<meta name=\"description\" content=\"El fin de las vacaciones suele traer una mezcla de nostalgia porque se acaba el descanso y la ansiedad de comenzar un nuevo a\u00f1o. El cambio de ritmo al enfrentar el regreso a clases o la vuelta a la oficina puede generar el conocido s\u00edndrome postvacacional. Sin embargo, retomar la rutina no tiene por qu\u00e9\" \/>\n\t<meta name=\"robots\" content=\"max-image-preview:large\" \/>\n\t<meta name=\"author\" content=\"adminicono\"\/>\n\t<link rel=\"canonical\" href=\"https:\/\/artecma.com\/es\/regreso-a-clases-y-trabajo-2026-como-iniciar-tu-ano-sin-estres\/\" \/>\n\t<meta name=\"generator\" content=\"All in One SEO (AIOSEO) 4.9.10\" \/>\n\t\t<meta property=\"og:locale\" content=\"es_MX\" \/>\n\t\t<meta property=\"og:site_name\" content=\"Artecma SAS - Una empresa colombiana con 49 a\u00f1os de experiencia, dise\u00f1ando y fabricando productos en madera de excelente calidad para la oficina y el hogar\" \/>\n\t\t<meta property=\"og:type\" content=\"article\" \/>\n\t\t<meta property=\"og:title\" content=\"Regreso a clases y trabajo 2026: C\u00f3mo iniciar tu a\u00f1o sin estr\u00e9s - Artecma SAS\" \/>\n\t\t<meta property=\"og:description\" content=\"El fin de las vacaciones suele traer una mezcla de nostalgia porque se acaba el descanso y la ansiedad de comenzar un nuevo a\u00f1o. El cambio de ritmo al enfrentar el regreso a clases o la vuelta a la oficina puede generar el conocido s\u00edndrome postvacacional. Sin embargo, retomar la rutina no tiene por qu\u00e9\" \/>\n\t\t<meta property=\"og:url\" content=\"https:\/\/artecma.com\/es\/regreso-a-clases-y-trabajo-2026-como-iniciar-tu-ano-sin-estres\/\" \/>\n\t\t<meta property=\"article:published_time\" content=\"2026-01-23T14:21:27+00:00\" \/>\n\t\t<meta property=\"article:modified_time\" content=\"2026-05-22T19:51:03+00:00\" \/>\n\t\t<meta property=\"article:publisher\" content=\"https:\/\/www.facebook.com\/artecma.sas?fref=ts\" \/>\n\t\t<meta name=\"twitter:card\" content=\"summary_large_image\" \/>\n\t\t<meta name=\"twitter:title\" content=\"Regreso a clases y trabajo 2026: C\u00f3mo iniciar tu a\u00f1o sin estr\u00e9s - Artecma SAS\" \/>\n\t\t<meta name=\"twitter:description\" content=\"El fin de las vacaciones suele traer una mezcla de nostalgia porque se acaba el descanso y la ansiedad de comenzar un nuevo a\u00f1o. El cambio de ritmo al enfrentar el regreso a clases o la vuelta a la oficina puede generar el conocido s\u00edndrome postvacacional. Sin embargo, retomar la rutina no tiene por qu\u00e9\" \/>\n\t\t<script type=\"application\/ld+json\" class=\"aioseo-schema\">\n\t\t\t{\"@context\":\"https:\\\/\\\/schema.org\",\"@graph\":[{\"@type\":\"BlogPosting\",\"@id\":\"https:\\\/\\\/artecma.com\\\/es\\\/regreso-a-clases-y-trabajo-2026-como-iniciar-tu-ano-sin-estres\\\/#blogposting\",\"name\":\"Regreso a clases y trabajo 2026: C\\u00f3mo iniciar tu a\\u00f1o sin estr\\u00e9s - Artecma SAS\",\"headline\":\"Regreso a clases y trabajo 2026: C\\u00f3mo iniciar tu a\\u00f1o sin estr\\u00e9s\",\"author\":{\"@id\":\"https:\\\/\\\/artecma.com\\\/es\\\/author\\\/adminicono\\\/#author\"},\"publisher\":{\"@id\":\"https:\\\/\\\/artecma.com\\\/es\\\/#organization\"},\"image\":{\"@type\":\"ImageObject\",\"url\":\"https:\\\/\\\/artecma.com\\\/wp-content\\\/uploads\\\/2026\\\/01\\\/Blog-col-enero-2026-Destacada.jpg\",\"width\":1003,\"height\":521},\"datePublished\":\"2026-01-23T09:21:27-05:00\",\"dateModified\":\"2026-05-22T14:51:03-05:00\",\"inLanguage\":\"es-MX\",\"mainEntityOfPage\":{\"@id\":\"https:\\\/\\\/artecma.com\\\/es\\\/regreso-a-clases-y-trabajo-2026-como-iniciar-tu-ano-sin-estres\\\/#webpage\"},\"isPartOf\":{\"@id\":\"https:\\\/\\\/artecma.com\\\/es\\\/regreso-a-clases-y-trabajo-2026-como-iniciar-tu-ano-sin-estres\\\/#webpage\"},\"articleSection\":\"Blog\"},{\"@type\":\"BreadcrumbList\",\"@id\":\"https:\\\/\\\/artecma.com\\\/es\\\/regreso-a-clases-y-trabajo-2026-como-iniciar-tu-ano-sin-estres\\\/#breadcrumblist\",\"itemListElement\":[{\"@type\":\"ListItem\",\"@id\":\"https:\\\/\\\/artecma.com\\\/es#listItem\",\"position\":1,\"name\":\"Home\",\"item\":\"https:\\\/\\\/artecma.com\\\/es\",\"nextItem\":{\"@type\":\"ListItem\",\"@id\":\"https:\\\/\\\/artecma.com\\\/es\\\/category\\\/blog\\\/#listItem\",\"name\":\"Blog\"}},{\"@type\":\"ListItem\",\"@id\":\"https:\\\/\\\/artecma.com\\\/es\\\/category\\\/blog\\\/#listItem\",\"position\":2,\"name\":\"Blog\",\"item\":\"https:\\\/\\\/artecma.com\\\/es\\\/category\\\/blog\\\/\",\"nextItem\":{\"@type\":\"ListItem\",\"@id\":\"https:\\\/\\\/artecma.com\\\/es\\\/regreso-a-clases-y-trabajo-2026-como-iniciar-tu-ano-sin-estres\\\/#listItem\",\"name\":\"Regreso a clases y trabajo 2026: C\\u00f3mo iniciar tu a\\u00f1o sin estr\\u00e9s\"},\"previousItem\":{\"@type\":\"ListItem\",\"@id\":\"https:\\\/\\\/artecma.com\\\/es#listItem\",\"name\":\"Home\"}},{\"@type\":\"ListItem\",\"@id\":\"https:\\\/\\\/artecma.com\\\/es\\\/regreso-a-clases-y-trabajo-2026-como-iniciar-tu-ano-sin-estres\\\/#listItem\",\"position\":3,\"name\":\"Regreso a clases y trabajo 2026: C\\u00f3mo iniciar tu a\\u00f1o sin estr\\u00e9s\",\"previousItem\":{\"@type\":\"ListItem\",\"@id\":\"https:\\\/\\\/artecma.com\\\/es\\\/category\\\/blog\\\/#listItem\",\"name\":\"Blog\"}}]},{\"@type\":\"Organization\",\"@id\":\"https:\\\/\\\/artecma.com\\\/es\\\/#organization\",\"name\":\"Artecma SAS\",\"description\":\"Una empresa colombiana con 49 a\\u00f1os de experiencia, dise\\u00f1ando y fabricando productos en madera de excelente calidad para la oficina y el hogar; bajo la premisa de Aumentar el Bienestar y la Productividad de nuestros clientes en sus diferentes situaciones y ambientes cotidianos. Como principal materia prima utilizamos madera reforestada proveniente de plantaciones legales y con certificaciones en Colombia y otros pa\\u00edses.\",\"url\":\"https:\\\/\\\/artecma.com\\\/es\\\/\",\"email\":\"info@artecma.com\",\"telephone\":\"+573118566984\",\"logo\":{\"@type\":\"ImageObject\",\"url\":\"https:\\\/\\\/artecma.com\\\/wp-content\\\/uploads\\\/2025\\\/05\\\/artecma_logo_color-verde-completo-e1721142075897-2048x454-1.png\",\"@id\":\"https:\\\/\\\/artecma.com\\\/es\\\/regreso-a-clases-y-trabajo-2026-como-iniciar-tu-ano-sin-estres\\\/#organizationLogo\",\"width\":2048,\"height\":454},\"image\":{\"@id\":\"https:\\\/\\\/artecma.com\\\/es\\\/regreso-a-clases-y-trabajo-2026-como-iniciar-tu-ano-sin-estres\\\/#organizationLogo\"},\"sameAs\":[\"https:\\\/\\\/www.facebook.com\\\/artecma.sas?fref=ts\",\"https:\\\/\\\/www.instagram.com\\\/artecma\\\/\",\"https:\\\/\\\/co.pinterest.com\\\/artecmadesign\\\/\",\"https:\\\/\\\/www.youtube.com\\\/channel\\\/UC_c3six91C7DB6voqc62FTw\"]},{\"@type\":\"Person\",\"@id\":\"https:\\\/\\\/artecma.com\\\/es\\\/author\\\/adminicono\\\/#author\",\"url\":\"https:\\\/\\\/artecma.com\\\/es\\\/author\\\/adminicono\\\/\",\"name\":\"adminicono\",\"image\":{\"@type\":\"ImageObject\",\"@id\":\"https:\\\/\\\/artecma.com\\\/es\\\/regreso-a-clases-y-trabajo-2026-como-iniciar-tu-ano-sin-estres\\\/#authorImage\",\"url\":\"https:\\\/\\\/secure.gravatar.com\\\/avatar\\\/8cd35325ef800b386fc1a74c47fa24996b1eeeba7f809697b383a18d0cd1cdab?s=96&d=mm&r=g\",\"width\":96,\"height\":96,\"caption\":\"adminicono\"}},{\"@type\":\"WebPage\",\"@id\":\"https:\\\/\\\/artecma.com\\\/es\\\/regreso-a-clases-y-trabajo-2026-como-iniciar-tu-ano-sin-estres\\\/#webpage\",\"url\":\"https:\\\/\\\/artecma.com\\\/es\\\/regreso-a-clases-y-trabajo-2026-como-iniciar-tu-ano-sin-estres\\\/\",\"name\":\"Regreso a clases y trabajo 2026: C\\u00f3mo iniciar tu a\\u00f1o sin estr\\u00e9s - Artecma SAS\",\"description\":\"El fin de las vacaciones suele traer una mezcla de nostalgia porque se acaba el descanso y la ansiedad de comenzar un nuevo a\\u00f1o. El cambio de ritmo al enfrentar el regreso a clases o la vuelta a la oficina puede generar el conocido s\\u00edndrome postvacacional. Sin embargo, retomar la rutina no tiene por qu\\u00e9\",\"inLanguage\":\"es-MX\",\"isPartOf\":{\"@id\":\"https:\\\/\\\/artecma.com\\\/es\\\/#website\"},\"breadcrumb\":{\"@id\":\"https:\\\/\\\/artecma.com\\\/es\\\/regreso-a-clases-y-trabajo-2026-como-iniciar-tu-ano-sin-estres\\\/#breadcrumblist\"},\"author\":{\"@id\":\"https:\\\/\\\/artecma.com\\\/es\\\/author\\\/adminicono\\\/#author\"},\"creator\":{\"@id\":\"https:\\\/\\\/artecma.com\\\/es\\\/author\\\/adminicono\\\/#author\"},\"image\":{\"@type\":\"ImageObject\",\"url\":\"https:\\\/\\\/artecma.com\\\/wp-content\\\/uploads\\\/2026\\\/01\\\/Blog-col-enero-2026-Destacada.jpg\",\"@id\":\"https:\\\/\\\/artecma.com\\\/es\\\/regreso-a-clases-y-trabajo-2026-como-iniciar-tu-ano-sin-estres\\\/#mainImage\",\"width\":1003,\"height\":521},\"primaryImageOfPage\":{\"@id\":\"https:\\\/\\\/artecma.com\\\/es\\\/regreso-a-clases-y-trabajo-2026-como-iniciar-tu-ano-sin-estres\\\/#mainImage\"},\"datePublished\":\"2026-01-23T09:21:27-05:00\",\"dateModified\":\"2026-05-22T14:51:03-05:00\"},{\"@type\":\"WebSite\",\"@id\":\"https:\\\/\\\/artecma.com\\\/es\\\/#website\",\"url\":\"https:\\\/\\\/artecma.com\\\/es\\\/\",\"name\":\"Artecma SAS\",\"alternateName\":\"Artecma SAS\",\"description\":\"Una empresa colombiana con 49 a\\u00f1os de experiencia, dise\\u00f1ando y fabricando productos en madera de excelente calidad para la oficina y el hogar\",\"inLanguage\":\"es-MX\",\"publisher\":{\"@id\":\"https:\\\/\\\/artecma.com\\\/es\\\/#organization\"}}]}\n\t\t<\/script>\n\t\t<!-- All in One SEO -->\n\n","aioseo_head_json":{"title":"Regreso a clases y trabajo 2026: C\u00f3mo iniciar tu a\u00f1o sin estr\u00e9s - Artecma SAS","description":"El fin de las vacaciones suele traer una mezcla de nostalgia porque se acaba el descanso y la ansiedad de comenzar un nuevo a\u00f1o. El cambio de ritmo al enfrentar el regreso a clases o la vuelta a la oficina puede generar el conocido s\u00edndrome postvacacional. Sin embargo, retomar la rutina no tiene por qu\u00e9","canonical_url":"https:\/\/artecma.com\/es\/regreso-a-clases-y-trabajo-2026-como-iniciar-tu-ano-sin-estres\/","robots":"max-image-preview:large","keywords":"","webmasterTools":{"miscellaneous":""},"schema":{"@context":"https:\/\/schema.org","@graph":[{"@type":"BlogPosting","@id":"https:\/\/artecma.com\/es\/regreso-a-clases-y-trabajo-2026-como-iniciar-tu-ano-sin-estres\/#blogposting","name":"Regreso a clases y trabajo 2026: C\u00f3mo iniciar tu a\u00f1o sin estr\u00e9s - Artecma SAS","headline":"Regreso a clases y trabajo 2026: C\u00f3mo iniciar tu a\u00f1o sin estr\u00e9s","author":{"@id":"https:\/\/artecma.com\/es\/author\/adminicono\/#author"},"publisher":{"@id":"https:\/\/artecma.com\/es\/#organization"},"image":{"@type":"ImageObject","url":"https:\/\/artecma.com\/wp-content\/uploads\/2026\/01\/Blog-col-enero-2026-Destacada.jpg","width":1003,"height":521},"datePublished":"2026-01-23T09:21:27-05:00","dateModified":"2026-05-22T14:51:03-05:00","inLanguage":"es-MX","mainEntityOfPage":{"@id":"https:\/\/artecma.com\/es\/regreso-a-clases-y-trabajo-2026-como-iniciar-tu-ano-sin-estres\/#webpage"},"isPartOf":{"@id":"https:\/\/artecma.com\/es\/regreso-a-clases-y-trabajo-2026-como-iniciar-tu-ano-sin-estres\/#webpage"},"articleSection":"Blog"},{"@type":"BreadcrumbList","@id":"https:\/\/artecma.com\/es\/regreso-a-clases-y-trabajo-2026-como-iniciar-tu-ano-sin-estres\/#breadcrumblist","itemListElement":[{"@type":"ListItem","@id":"https:\/\/artecma.com\/es#listItem","position":1,"name":"Home","item":"https:\/\/artecma.com\/es","nextItem":{"@type":"ListItem","@id":"https:\/\/artecma.com\/es\/category\/blog\/#listItem","name":"Blog"}},{"@type":"ListItem","@id":"https:\/\/artecma.com\/es\/category\/blog\/#listItem","position":2,"name":"Blog","item":"https:\/\/artecma.com\/es\/category\/blog\/","nextItem":{"@type":"ListItem","@id":"https:\/\/artecma.com\/es\/regreso-a-clases-y-trabajo-2026-como-iniciar-tu-ano-sin-estres\/#listItem","name":"Regreso a clases y trabajo 2026: C\u00f3mo iniciar tu a\u00f1o sin estr\u00e9s"},"previousItem":{"@type":"ListItem","@id":"https:\/\/artecma.com\/es#listItem","name":"Home"}},{"@type":"ListItem","@id":"https:\/\/artecma.com\/es\/regreso-a-clases-y-trabajo-2026-como-iniciar-tu-ano-sin-estres\/#listItem","position":3,"name":"Regreso a clases y trabajo 2026: C\u00f3mo iniciar tu a\u00f1o sin estr\u00e9s","previousItem":{"@type":"ListItem","@id":"https:\/\/artecma.com\/es\/category\/blog\/#listItem","name":"Blog"}}]},{"@type":"Organization","@id":"https:\/\/artecma.com\/es\/#organization","name":"Artecma SAS","description":"Una empresa colombiana con 49 a\u00f1os de experiencia, dise\u00f1ando y fabricando productos en madera de excelente calidad para la oficina y el hogar; bajo la premisa de Aumentar el Bienestar y la Productividad de nuestros clientes en sus diferentes situaciones y ambientes cotidianos. Como principal materia prima utilizamos madera reforestada proveniente de plantaciones legales y con certificaciones en Colombia y otros pa\u00edses.","url":"https:\/\/artecma.com\/es\/","email":"info@artecma.com","telephone":"+573118566984","logo":{"@type":"ImageObject","url":"https:\/\/artecma.com\/wp-content\/uploads\/2025\/05\/artecma_logo_color-verde-completo-e1721142075897-2048x454-1.png","@id":"https:\/\/artecma.com\/es\/regreso-a-clases-y-trabajo-2026-como-iniciar-tu-ano-sin-estres\/#organizationLogo","width":2048,"height":454},"image":{"@id":"https:\/\/artecma.com\/es\/regreso-a-clases-y-trabajo-2026-como-iniciar-tu-ano-sin-estres\/#organizationLogo"},"sameAs":["https:\/\/www.facebook.com\/artecma.sas?fref=ts","https:\/\/www.instagram.com\/artecma\/","https:\/\/co.pinterest.com\/artecmadesign\/","https:\/\/www.youtube.com\/channel\/UC_c3six91C7DB6voqc62FTw"]},{"@type":"Person","@id":"https:\/\/artecma.com\/es\/author\/adminicono\/#author","url":"https:\/\/artecma.com\/es\/author\/adminicono\/","name":"adminicono","image":{"@type":"ImageObject","@id":"https:\/\/artecma.com\/es\/regreso-a-clases-y-trabajo-2026-como-iniciar-tu-ano-sin-estres\/#authorImage","url":"https:\/\/secure.gravatar.com\/avatar\/8cd35325ef800b386fc1a74c47fa24996b1eeeba7f809697b383a18d0cd1cdab?s=96&d=mm&r=g","width":96,"height":96,"caption":"adminicono"}},{"@type":"WebPage","@id":"https:\/\/artecma.com\/es\/regreso-a-clases-y-trabajo-2026-como-iniciar-tu-ano-sin-estres\/#webpage","url":"https:\/\/artecma.com\/es\/regreso-a-clases-y-trabajo-2026-como-iniciar-tu-ano-sin-estres\/","name":"Regreso a clases y trabajo 2026: C\u00f3mo iniciar tu a\u00f1o sin estr\u00e9s - Artecma SAS","description":"El fin de las vacaciones suele traer una mezcla de nostalgia porque se acaba el descanso y la ansiedad de comenzar un nuevo a\u00f1o. El cambio de ritmo al enfrentar el regreso a clases o la vuelta a la oficina puede generar el conocido s\u00edndrome postvacacional. Sin embargo, retomar la rutina no tiene por qu\u00e9","inLanguage":"es-MX","isPartOf":{"@id":"https:\/\/artecma.com\/es\/#website"},"breadcrumb":{"@id":"https:\/\/artecma.com\/es\/regreso-a-clases-y-trabajo-2026-como-iniciar-tu-ano-sin-estres\/#breadcrumblist"},"author":{"@id":"https:\/\/artecma.com\/es\/author\/adminicono\/#author"},"creator":{"@id":"https:\/\/artecma.com\/es\/author\/adminicono\/#author"},"image":{"@type":"ImageObject","url":"https:\/\/artecma.com\/wp-content\/uploads\/2026\/01\/Blog-col-enero-2026-Destacada.jpg","@id":"https:\/\/artecma.com\/es\/regreso-a-clases-y-trabajo-2026-como-iniciar-tu-ano-sin-estres\/#mainImage","width":1003,"height":521},"primaryImageOfPage":{"@id":"https:\/\/artecma.com\/es\/regreso-a-clases-y-trabajo-2026-como-iniciar-tu-ano-sin-estres\/#mainImage"},"datePublished":"2026-01-23T09:21:27-05:00","dateModified":"2026-05-22T14:51:03-05:00"},{"@type":"WebSite","@id":"https:\/\/artecma.com\/es\/#website","url":"https:\/\/artecma.com\/es\/","name":"Artecma SAS","alternateName":"Artecma SAS","description":"Una empresa colombiana con 49 a\u00f1os de experiencia, dise\u00f1ando y fabricando productos en madera de excelente calidad para la oficina y el hogar","inLanguage":"es-MX","publisher":{"@id":"https:\/\/artecma.com\/es\/#organization"}}]},"og:locale":"es_MX","og:site_name":"Artecma SAS - Una empresa colombiana con 49 a\u00f1os de experiencia, dise\u00f1ando y fabricando productos en madera de excelente calidad para la oficina y el hogar","og:type":"article","og:title":"Regreso a clases y trabajo 2026: C\u00f3mo iniciar tu a\u00f1o sin estr\u00e9s - Artecma SAS","og:description":"El fin de las vacaciones suele traer una mezcla de nostalgia porque se acaba el descanso y la ansiedad de comenzar un nuevo a\u00f1o. El cambio de ritmo al enfrentar el regreso a clases o la vuelta a la oficina puede generar el conocido s\u00edndrome postvacacional. Sin embargo, retomar la rutina no tiene por qu\u00e9","og:url":"https:\/\/artecma.com\/es\/regreso-a-clases-y-trabajo-2026-como-iniciar-tu-ano-sin-estres\/","article:published_time":"2026-01-23T14:21:27+00:00","article:modified_time":"2026-05-22T19:51:03+00:00","article:publisher":"https:\/\/www.facebook.com\/artecma.sas?fref=ts","twitter:card":"summary_large_image","twitter:title":"Regreso a clases y trabajo 2026: C\u00f3mo iniciar tu a\u00f1o sin estr\u00e9s - Artecma SAS","twitter:description":"El fin de las vacaciones suele traer una mezcla de nostalgia porque se acaba el descanso y la ansiedad de comenzar un nuevo a\u00f1o. El cambio de ritmo al enfrentar el regreso a clases o la vuelta a la oficina puede generar el conocido s\u00edndrome postvacacional. Sin embargo, retomar la rutina no tiene por qu\u00e9"},"aioseo_meta_data":{"post_id":"26342","title":null,"description":null,"keywords":null,"keyphrases":{"focus":{"keyphrase":"Regreso a clases","score":75,"analysis":{"keyphraseInTitle":{"score":9,"maxScore":9,"error":0},"keyphraseInDescription":{"score":9,"maxScore":9,"error":0},"keyphraseLength":{"score":9,"maxScore":9,"error":0,"length":3},"keyphraseInURL":{"score":5,"maxScore":5,"error":0},"keyphraseInIntroduction":{"score":9,"maxScore":9,"error":0},"keyphraseInSubHeadings":{"score":3,"maxScore":9,"error":1},"keyphraseInImageAlt":[],"keywordDensity":{"score":0,"type":"low","maxScore":9,"error":1}}},"additional":[]},"primary_term":null,"canonical_url":null,"og_title":null,"og_description":null,"og_object_type":"default","og_image_type":"default","og_image_custom_url":null,"og_image_custom_fields":null,"og_image_url":null,"og_image_width":null,"og_image_height":null,"og_video":"","og_custom_url":null,"og_article_section":null,"og_article_tags":null,"twitter_use_og":false,"twitter_card":"default","twitter_image_type":"default","twitter_image_custom_url":null,"twitter_image_custom_fields":null,"twitter_image_url":null,"twitter_title":null,"twitter_description":null,"schema_type":"default","schema_type_options":null,"schema":{"blockGraphs":[],"customGraphs":[],"default":{"data":{"Article":[],"Course":[],"Dataset":[],"FAQPage":[],"Movie":[],"Person":[],"Product":[],"ProductReview":[],"Car":[],"Recipe":[],"Service":[],"SoftwareApplication":[],"WebPage":[]},"graphName":"BlogPosting","isEnabled":true},"graphs":[]},"pillar_content":false,"robots_default":true,"robots_noindex":false,"robots_noarchive":false,"robots_nosnippet":false,"robots_nofollow":false,"robots_noimageindex":false,"robots_noodp":false,"robots_notranslate":false,"robots_max_snippet":"-1","robots_max_videopreview":"-1","robots_max_imagepreview":"large","priority":null,"frequency":"default","local_seo":null,"limit_modified_date":false,"ai":{"faqs":[],"keyPoints":[],"schemas":[],"titles":[],"descriptions":[],"socialPosts":{"email":[],"linkedin":[],"twitter":[],"facebook":[],"instagram":[]}},"breadcrumb_settings":null,"seo_analyzer_scan_date":null,"created":"2026-05-21 23:41:35","updated":"2026-05-22 20:16:47"},"aioseo_breadcrumb":"<div class=\"aioseo-breadcrumbs\"><span class=\"aioseo-breadcrumb\">\n\t\t\t<a href=\"https:\/\/artecma.com\/es\" title=\"Home\">Home<\/a>\n\t\t<\/span><span class=\"aioseo-breadcrumb-separator\">&raquo;<\/span><span class=\"aioseo-breadcrumb\">\n\t\t\t<a href=\"https:\/\/artecma.com\/es\/category\/blog\/\" title=\"Blog\">Blog<\/a>\n\t\t<\/span><span class=\"aioseo-breadcrumb-separator\">&raquo;<\/span><span class=\"aioseo-breadcrumb\">\n\t\t\tRegreso a clases y trabajo 2026: C\u00f3mo iniciar tu a\u00f1o sin estr\u00e9s\n\t\t<\/span><\/div>","aioseo_breadcrumb_json":[{"label":"Home","link":"https:\/\/artecma.com\/es"},{"label":"Blog","link":"https:\/\/artecma.com\/es\/category\/blog\/"},{"label":"Regreso a clases y trabajo 2026: C\u00f3mo iniciar tu a\u00f1o sin estr\u00e9s","link":"https:\/\/artecma.com\/es\/regreso-a-clases-y-trabajo-2026-como-iniciar-tu-ano-sin-estres\/"}],"_links":{"self":[{"href":"https:\/\/artecma.com\/es\/wp-json\/wp\/v2\/posts\/26342","targetHints":{"allow":["GET"]}}],"collection":[{"href":"https:\/\/artecma.com\/es\/wp-json\/wp\/v2\/posts"}],"about":[{"href":"https:\/\/artecma.com\/es\/wp-json\/wp\/v2\/types\/post"}],"author":[{"embeddable":true,"href":"https:\/\/artecma.com\/es\/wp-json\/wp\/v2\/users\/1"}],"replies":[{"embeddable":true,"href":"https:\/\/artecma.com\/es\/wp-json\/wp\/v2\/comments?post=26342"}],"version-history":[{"count":0,"href":"https:\/\/artecma.com\/es\/wp-json\/wp\/v2\/posts\/26342\/revisions"}],"wp:featuredmedia":[{"embeddable":true,"href":"https:\/\/artecma.com\/es\/wp-json\/wp\/v2\/media\/26343"}],"wp:attachment":[{"href":"https:\/\/artecma.com\/es\/wp-json\/wp\/v2\/media?parent=26342"}],"wp:term":[{"taxonomy":"category","embeddable":true,"href":"https:\/\/artecma.com\/es\/wp-json\/wp\/v2\/categories?post=26342"},{"taxonomy":"post_tag","embeddable":true,"href":"https:\/\/artecma.com\/es\/wp-json\/wp\/v2\/tags?post=26342"}],"curies":[{"name":"wp","href":"https:\/\/api.w.org\/{rel}","templated":true}]}}